{"id":1189,"date":"2016-12-01T17:11:31","date_gmt":"2016-12-01T15:11:31","guid":{"rendered":"http:\/\/www.trisomie-18.de\/blog\/?p=1189"},"modified":"2019-10-20T09:40:42","modified_gmt":"2019-10-20T07:40:42","slug":"heilt-die-zeit-alle-wunden-gedanken-zum-zweiten-todestag-von-jael","status":"publish","type":"post","link":"https:\/\/www.trisomie-18.de\/blog\/2016\/12\/01\/heilt-die-zeit-alle-wunden-gedanken-zum-zweiten-todestag-von-jael\/","title":{"rendered":"Heilt die Zeit alle Wunden? Gedanken zum zweiten Todestag von Ja\u00ebl"},"content":{"rendered":"<p><img class=\"size-auto alignnone wp-image-1196 size-full\" src=\"http:\/\/www.trisomie-18.de\/blog\/wp-content\/uploads\/2016\/12\/jael_07.jpg\" alt=\"Jael l\u00e4chelt verschmitzt\" width=\"525\" srcset=\"https:\/\/www.trisomie-18.de\/blog\/wp-content\/uploads\/2016\/12\/jael_07.jpg 600w, https:\/\/www.trisomie-18.de\/blog\/wp-content\/uploads\/2016\/12\/jael_07-227x300.jpg 227w\" sizes=\"(max-width: 600px) 100vw, 600px\" \/><\/p>\n<p>Ist es wirklich so, dass die Zeit alle Wunden heilt? Was, wenn die Wunde der Abschied von der geliebten Tochter und dem Sonnenschein der Familie ist? Wenn mit diesem Abschied auch ein Teil meiner selbst mit stirbt, schafft es die Zeit dann, auch diese Wunde zu heilen?<\/p>\n<p>Unsere Ja\u00ebl ist nun schon seit zwei Jahren nicht mehr bei uns. Zwei Jahre ohne ihr Lachen, ihr Glucksen, ihre herzerw\u00e4rmenden Umarmungen. Die Wunde ist noch zu frisch. Vielleicht wird sie sich einmal schlie\u00dfen, es mag sich eine Kruste bilden. Aber dieser Schnitt ist so tief, dass Narben bleiben werden. Und das ist wom\u00f6glich auch gut so, denn Narben erinnern an das, was war und nicht mehr da ist.<\/p>\n<p>Trotz der Schwere, die sich in diesen Tagen in meinem Herzen ausbreitet, bin ich auch dankbar. Dankbar f\u00fcr Gesten, die zeigen, dass unsere Ja\u00ebl nicht vergessen ist. Dankbar f\u00fcr Begegnungen und Gespr\u00e4che, in denen Ja\u00ebl weiterlebt. Dankbar f\u00fcr Menschen, die Ja\u00ebls Grab besuchen und einen kleinen Gru\u00df hinterlassen. Dankbar, dass wir Eltern einer wundervollen Tochter sein d\u00fcrfen. Dankbar, dass wir in Ja\u00ebl so eine wunderbare Lehrerin hatten, die uns die Kunst der Dankbarkeit t\u00e4glich vorgelebt hat. Und vielleicht sind es diese Gesten, Begegnungen und ein dankbares Herz, die den Heilungsprozess vorantreiben.<\/p>\n<p>Eine L\u00fccke, die unausgef\u00fcllt bleibt, aber nicht mehr als Stachel, sondern \u2013 wie Bonhoeffer es beschreibt \u2013 als kostbares Geschenk, das wir in uns tragen. Herzlichen Dank an alle, die uns auf diesem Weg tragen und begleiten.<\/p>\n<blockquote><p>&#8220;Zun\u00e4chst: Es gibt nichts, was uns die Abwesenheit eines lieben Menschen ersetzen kann, und man soll das auch gar nicht versuchen; man muss es einfach aushalten und durchhalten; das klingt zun\u00e4chst sehr hart, aber es ist doch zugleich ein gro\u00dfer Trost; denn indem die L\u00fccke wirklich unausgef\u00fcllt bleibt, bleibt man durch sie miteinander verbunden.<\/p>\n<p>Es ist verkehrt, wenn man sagt, Gott f\u00fcllt die L\u00fccke aus; er f\u00fcllt sie gar nicht aus, sondern er h\u00e4lt sie vielmehr gerade unausgef\u00fcllt und hilft uns dadurch, unsere echte Gemeinschaft miteinander \u2013 wenn auch unter Schmerzen \u2013 zu bewahren.<\/p>\n<p>Ferner: Je sch\u00f6ner die Erinnerungen, desto schwerer die Trennung. Aber die Dankbarkeit verwandelt die Qual der Erinnerung in eine stille Freude. Man tr\u00e4gt das vergangene Sch\u00f6ne nicht wie einen Stachel, sondern wie ein kostbares Geschenk in sich.&#8221;<br \/>\n(Dietrich Bonhoeffer, Brief an Renate und Eberhard Bethge, Gef\u00e4ngnis Berlin-Tegel an Heiligabend 1943)<\/p><\/blockquote>\n","protected":false},"excerpt":{"rendered":"<p>Ist es wirklich so, dass die Zeit alle Wunden heilt? Was, wenn die Wunde der Abschied von der geliebten Tochter und dem Sonnenschein der Familie ist? Wenn mit diesem Abschied auch ein Teil meiner selbst mit stirbt, schafft es die Zeit dann, auch diese Wunde zu heilen? Unsere Ja\u00ebl ist nun schon seit zwei Jahren [&hellip;]<\/p>\n","protected":false},"author":2,"featured_media":0,"comment_status":"open","ping_status":"open","sticky":false,"template":"","format":"standard","meta":[],"categories":[61],"tags":[72,18,71,80,46,82,54,67],"_links":{"self":[{"href":"https:\/\/www.trisomie-18.de\/blog\/wp-json\/wp\/v2\/posts\/1189"}],"collection":[{"href":"https:\/\/www.trisomie-18.de\/blog\/wp-json\/wp\/v2\/posts"}],"about":[{"href":"https:\/\/www.trisomie-18.de\/blog\/wp-json\/wp\/v2\/types\/post"}],"author":[{"embeddable":true,"href":"https:\/\/www.trisomie-18.de\/blog\/wp-json\/wp\/v2\/users\/2"}],"replies":[{"embeddable":true,"href":"https:\/\/www.trisomie-18.de\/blog\/wp-json\/wp\/v2\/comments?post=1189"}],"version-history":[{"count":0,"href":"https:\/\/www.trisomie-18.de\/blog\/wp-json\/wp\/v2\/posts\/1189\/revisions"}],"wp:attachment":[{"href":"https:\/\/www.trisomie-18.de\/blog\/wp-json\/wp\/v2\/media?parent=1189"}],"wp:term":[{"taxonomy":"category","embeddable":true,"href":"https:\/\/www.trisomie-18.de\/blog\/wp-json\/wp\/v2\/categories?post=1189"},{"taxonomy":"post_tag","embeddable":true,"href":"https:\/\/www.trisomie-18.de\/blog\/wp-json\/wp\/v2\/tags?post=1189"}],"curies":[{"name":"wp","href":"https:\/\/api.w.org\/{rel}","templated":true}]}}