{"id":1409,"date":"2017-12-07T18:01:56","date_gmt":"2017-12-07T17:01:56","guid":{"rendered":"http:\/\/www.trisomie-18.de\/blog\/?p=1409"},"modified":"2017-12-11T14:42:02","modified_gmt":"2017-12-11T13:42:02","slug":"dreh-fuer-zdf-volle-kanne","status":"publish","type":"post","link":"https:\/\/www.trisomie-18.de\/blog\/2017\/12\/07\/dreh-fuer-zdf-volle-kanne\/","title":{"rendered":"Dreh f\u00fcr ZDF &#8220;Volle Kanne&#8221;"},"content":{"rendered":"<p><img loading=\"lazy\" class=\"size-auto alignnone wp-image-1421 size-full\" src=\"http:\/\/www.trisomie-18.de\/blog\/wp-content\/uploads\/2017\/12\/ZDF-_Volle-Kanne_-_-Montag-9_05-Uhr2.png\" alt=\"\" width=\"560\" height=\"315\" srcset=\"https:\/\/www.trisomie-18.de\/blog\/wp-content\/uploads\/2017\/12\/ZDF-_Volle-Kanne_-_-Montag-9_05-Uhr2.png 560w, https:\/\/www.trisomie-18.de\/blog\/wp-content\/uploads\/2017\/12\/ZDF-_Volle-Kanne_-_-Montag-9_05-Uhr2-300x169.png 300w\" sizes=\"(max-width: 560px) 100vw, 560px\" \/><\/p>\n<p>Kurz vor Ja\u00ebls drittem Todestag hatten wir einen ausf\u00fchrlichen Dreh mit dem ZDF im <a href=\"https:\/\/www.kinderhospiz-balthasar.de\/startseite.html\">Kinder- und Jugendhospiz Balthasar<\/a> in Olpe. Wir konnten viel \u00fcber <a href=\"https:\/\/www.randomhouse.de\/Buch\/Umarmen-und-loslassen\/Shabnam-Arzt\/Ludwig\/e521159.rhd\">&#8220;Umarmen und loslassen&#8221;<\/a> erz\u00e4hlen und davon, was Ja\u00ebls Geschichte uns und anderen bedeutet. Neben den Interviews entstanden auch sehr sch\u00f6ne Bilder der Spuren im Haus, die von unserer Tochter erz\u00e4hlen.<\/p>\n<p>Herzlichen Dank an das Team des Kinderhospiz Balthasar sowie ans Dreh-Team des ZDF. Die Zusammenarbeit hat uns gro\u00dfen Spa\u00df gemacht. Und wir sind sehr froh und dankbar, am Montag live als Interview-G\u00e4ste zu Besuch im ZDF-Studio sein zu k\u00f6nnen.<\/p>\n<p>Falls ihr also Montagmorgen die M\u00f6glichkeit habt reinzuschauen: Mo. 11.12.17 9:05 <a href=\"https:\/\/www.zdf.de\/verbraucher\/volle-kanne\/trisomie-18-102.html\">ZDF Volle Kanne<\/a>. Ansonsten danach in der Mediathek abrufbar.<\/p>\n","protected":false},"excerpt":{"rendered":"<p>Kurz vor Ja\u00ebls drittem Todestag hatten wir einen ausf\u00fchrlichen Dreh mit dem ZDF im Kinder- und Jugendhospiz Balthasar in Olpe. Wir konnten viel \u00fcber &#8220;Umarmen und loslassen&#8221; erz\u00e4hlen und davon, was Ja\u00ebls Geschichte uns und anderen bedeutet. Neben den Interviews entstanden auch sehr sch\u00f6ne Bilder der Spuren im Haus, die von unserer Tochter erz\u00e4hlen. Herzlichen [&hellip;]<\/p>\n","protected":false},"author":1,"featured_media":0,"comment_status":"open","ping_status":"open","sticky":false,"template":"","format":"standard","meta":[],"categories":[110,111],"tags":[130,129,127,109,128],"_links":{"self":[{"href":"https:\/\/www.trisomie-18.de\/blog\/wp-json\/wp\/v2\/posts\/1409"}],"collection":[{"href":"https:\/\/www.trisomie-18.de\/blog\/wp-json\/wp\/v2\/posts"}],"about":[{"href":"https:\/\/www.trisomie-18.de\/blog\/wp-json\/wp\/v2\/types\/post"}],"author":[{"embeddable":true,"href":"https:\/\/www.trisomie-18.de\/blog\/wp-json\/wp\/v2\/users\/1"}],"replies":[{"embeddable":true,"href":"https:\/\/www.trisomie-18.de\/blog\/wp-json\/wp\/v2\/comments?post=1409"}],"version-history":[{"count":0,"href":"https:\/\/www.trisomie-18.de\/blog\/wp-json\/wp\/v2\/posts\/1409\/revisions"}],"wp:attachment":[{"href":"https:\/\/www.trisomie-18.de\/blog\/wp-json\/wp\/v2\/media?parent=1409"}],"wp:term":[{"taxonomy":"category","embeddable":true,"href":"https:\/\/www.trisomie-18.de\/blog\/wp-json\/wp\/v2\/categories?post=1409"},{"taxonomy":"post_tag","embeddable":true,"href":"https:\/\/www.trisomie-18.de\/blog\/wp-json\/wp\/v2\/tags?post=1409"}],"curies":[{"name":"wp","href":"https:\/\/api.w.org\/{rel}","templated":true}]}}