{"id":2601,"date":"2019-11-19T06:47:51","date_gmt":"2019-11-19T05:47:51","guid":{"rendered":"http:\/\/www.trisomie-18.de\/blog\/?p=2601"},"modified":"2019-11-20T07:34:43","modified_gmt":"2019-11-20T06:34:43","slug":"interview-kinderhopiz","status":"publish","type":"post","link":"https:\/\/www.trisomie-18.de\/blog\/2019\/11\/19\/interview-kinderhopiz\/","title":{"rendered":"Interview f\u00fcr Ambulantes Kinderhospiz M\u00fcnchen"},"content":{"rendered":"\t\t<div data-elementor-type=\"wp-post\" data-elementor-id=\"2601\" class=\"elementor elementor-2601\" data-elementor-settings=\"[]\">\n\t\t\t\t\t\t<div class=\"elementor-inner\">\n\t\t\t\t\t\t\t<div class=\"elementor-section-wrap\">\n\t\t\t\t\t\t\t<section class=\"elementor-section elementor-top-section elementor-element elementor-element-b81795a elementor-section-boxed elementor-section-height-default elementor-section-height-default\" data-id=\"b81795a\" data-element_type=\"section\">\n\t\t\t\t\t\t<div class=\"elementor-container elementor-column-gap-default\">\n\t\t\t\t\t\t\t<div class=\"elementor-row\">\n\t\t\t\t\t<div class=\"elementor-column elementor-col-100 elementor-top-column elementor-element elementor-element-9d37dc8\" data-id=\"9d37dc8\" data-element_type=\"column\">\n\t\t\t<div class=\"elementor-column-wrap elementor-element-populated\">\n\t\t\t\t\t\t\t<div class=\"elementor-widget-wrap\">\n\t\t\t\t\t\t<div class=\"elementor-element elementor-element-d3ff593 elementor-widget elementor-widget-text-editor\" data-id=\"d3ff593\" data-element_type=\"widget\" data-widget_type=\"text-editor.default\">\n\t\t\t\t<div class=\"elementor-widget-container\">\n\t\t\t\t\t<div class=\"elementor-text-editor elementor-clearfix\"><em>Vor unserer <a href=\"https:\/\/www.kinderhospiz-muenchen.de\/veranstaltungen\/benefizlesung-seidlvilla-umarmen-und-loslassen\/\">Lesung in M\u00fcnchen<\/a> sprachen wir in einem Interview mit der <a href=\"https:\/\/www.kinderhospiz-muenchen.de\/\">Stiftung Ambulantes Kinderhospiz<\/a> \u00fcber die Diagnose <a href=\"http:\/\/www.trisomie-18.de\/blog\/was-ist-trisomie-18\/\">Trisomie 18<\/a>, was unsere Tochter so besonders machte und wie es zum <a href=\"http:\/\/www.trisomie-18.de\/blog\/das-buch-umarmen-und-loslassen\/\">Buch &#8220;Umarmen und loslassen&#8221;<\/a> kam.\n<\/em><\/div>\n\t\t\t\t<\/div>\n\t\t\t\t<\/div>\n\t\t\t\t\t\t<\/div>\n\t\t\t\t\t<\/div>\n\t\t<\/div>\n\t\t\t\t\t\t\t\t<\/div>\n\t\t\t\t\t<\/div>\n\t\t<\/section>\n\t\t\t\t<section class=\"elementor-section elementor-top-section elementor-element elementor-element-8ec4390 elementor-section-boxed elementor-section-height-default elementor-section-height-default\" data-id=\"8ec4390\" data-element_type=\"section\">\n\t\t\t\t\t\t<div class=\"elementor-container elementor-column-gap-default\">\n\t\t\t\t\t\t\t<div class=\"elementor-row\">\n\t\t\t\t\t<div class=\"elementor-column elementor-col-100 elementor-top-column elementor-element elementor-element-20ee05b\" data-id=\"20ee05b\" data-element_type=\"column\">\n\t\t\t<div class=\"elementor-column-wrap elementor-element-populated\">\n\t\t\t\t\t\t\t<div class=\"elementor-widget-wrap\">\n\t\t\t\t\t\t<div class=\"elementor-element elementor-element-13dd666 elementor-widget elementor-widget-text-editor\" data-id=\"13dd666\" data-element_type=\"widget\" data-widget_type=\"text-editor.default\">\n\t\t\t\t<div class=\"elementor-widget-container\">\n\t\t\t\t\t<div class=\"elementor-text-editor elementor-clearfix\"><h4><strong>Kinderhospiz M\u00fcnchen: <\/strong>Wann haben Sie erfahren, dass Ihr Kind nicht gesund ist?<\/h4><p><strong>Shabnam und Wolfgang Arzt:<\/strong> Bei einer Routineuntersuchung im achten Schwangerschaftsmonat stellte die \u00c4rztin zu viel Fruchtwasser fest. Wir wurden zu einer Praxis f\u00fcr Pr\u00e4nataldiagnostik \u00fcberwiesen. Die Untersuchung verlief ohne sichere Diagnose, die Aussage, unsere Tochter sei nicht lebensf\u00e4hig stand im Raum. Gewissheit \u00fcber die Diagnose \u201eTrisomie 18\u201c brachte die Blutuntersuchung eine Woche nach der Geburt.<\/p><h4><strong>Wie war damals die Prognose?<\/strong><\/h4><p><strong>Shabnam und Wolfgang:<\/strong> Die Prognose entsprach den Lehrb\u00fcchern: Wenige Stunden, Tage, Wochen, maximal Monate. Ja\u00ebl w\u00fcrde ihren ersten Geburtstag h\u00f6chstwahrscheinlich nicht erleben.<\/p><h4><strong>Wann haben Sie entschieden, das Kind zu bekommen?\u00a0<\/strong><\/h4><p><strong>Shabnam und Wolfgang:<\/strong> F\u00fcr uns war zu jedem Zeitpunkt der Schwangerschaft klar, dass wir unsere Tochter kennenlernen m\u00f6chten. Selbst wenn sie nur ein paar Stunden leben w\u00fcrde. Wir hatten bereits fr\u00fch eine Beziehung zu ihr aufgebaut, sie war unser absolutes Wunschkind.<\/p><h4><strong>Welche besonderen Eigenschaften hat Ja\u00ebl mitgebracht? <\/strong><\/h4><p><strong>Shabnam und Wolfgang:<\/strong> Ja\u00ebl machte es uns und allen, die ihr begegneten einfach, sie ins Herz zu schlie\u00dfen. Sie war eine Meisterin der Lebensfreude und konnte Menschen mit ihren dunklen, funkelnden Augen und ihrer Fr\u00f6hlichkeit anstecken. Umarmen hatte ihr niemand beigebracht, es wurde zu ihrem Markenzeichen. Nach jeder Mahlzeit gab es eine Umarmung, und immer, wenn man sich zu ihr beugte.<\/p><p>In ihrer Todesanzeige steht, dass sie bis zu ihrem letzten Atemzug ihre Liebe wie Konfetti auf uns geworfen hat. Und genauso war es.<\/p><h4><strong>Was hat Sie dazu veranlasst, das Buch zu schreiben? Wann kam Ihnen erstmals der Gedanke?<\/strong><\/h4><p><strong>Shabnam und Wolfgang:<\/strong> Wir f\u00fchlen uns durch die 13 Jahre mit unserer Tochter reich beschenkt. So paradox es klingen mag: Von einem sterbenskranken Kind l\u00e4sst sich viel f\u00fcr das Leben lernen. Unsere Lernerfahrungen wollten wir gerne festhalten und mit anderen teilen. Freunde, die mit Ja\u00ebl aufgewachsen waren, baten uns, ein Buch zu schreiben, damit sie ihren eigenen Kindern das M\u00e4dchen vorstellen k\u00f6nnen, das sie so sehr gepr\u00e4gt hat. Dazu kommt, dass wir fr\u00fch begonnen hatten, unsere Erfahrungen in einem Blog zu teilen. Wir bekamen positive R\u00fcckmeldungen von anderen Betroffenen, die daraus Kraft f\u00fcr ihre eigene Situation sch\u00f6pften. Alles zusammen machte die Sache f\u00fcr uns rund.<\/p><h4><strong>Was erhoffen Sie sich von dem Buch?<\/strong><\/h4><p><strong>Shabnam und Wolfgang:<\/strong> In unserer Gesellschaft ist das Thema Sterben, besonders wenn Kinder betroffen sind, ein Tabuthema. Kranke Kinder haben keine Lobby. Wir w\u00fcnschen uns, dass dieses wichtige Thema und damit auch die betroffenen Familien nicht am Rande bleiben, sondern Aufmerksamkeit erhalten und damit auch W\u00fcrde erfahren. Mehr als 20.000 Kinder leben in Deutschland mit einer lebensverk\u00fcrzenden Erkrankung. Die Familien ben\u00f6tigen Unterst\u00fctzung aus allen Teilen der Gesellschaft. Dazu m\u00f6chten wir gerne einen Beitrag leisten. Leserinnen und Leser melden uns au\u00dferdem zur\u00fcck, dass das Buch ihnen hilft, f\u00fcr sich neu zu entdecken, worauf es im Leben ankommt. Das macht uns froh.<\/p><h4><strong>Was ist Ihr Wunsch an die Pr\u00e4natalmedizin?<\/strong><\/h4><p><strong>Shabnam und Wolfgang:<\/strong> Die Entdeckung, dass das Leben nicht schwarz-wei\u00df ist, sondern bunt und vielf\u00e4ltig. Eine Diagnose hat noch keine Aussagekraft \u00fcber die Liebensw\u00fcrdigkeit und den Wert eines Menschen. Wie genau eine Krankheit oder Behinderung sich nach der Geburt auswirkt, kann kein Mediziner vorhersehen. Keiner von den \u00c4rzten hat uns gesagt, wie wundervoll unsere Tochter sein w\u00fcrde.<\/p><\/div>\n\t\t\t\t<\/div>\n\t\t\t\t<\/div>\n\t\t\t\t\t\t<\/div>\n\t\t\t\t\t<\/div>\n\t\t<\/div>\n\t\t\t\t\t\t\t\t<\/div>\n\t\t\t\t\t<\/div>\n\t\t<\/section>\n\t\t\t\t<section class=\"elementor-section elementor-top-section elementor-element elementor-element-df5f5cd elementor-section-boxed elementor-section-height-default elementor-section-height-default\" data-id=\"df5f5cd\" data-element_type=\"section\">\n\t\t\t\t\t\t<div class=\"elementor-container elementor-column-gap-default\">\n\t\t\t\t\t\t\t<div class=\"elementor-row\">\n\t\t\t\t\t<div class=\"elementor-column elementor-col-100 elementor-top-column elementor-element elementor-element-7e8ec9f\" data-id=\"7e8ec9f\" data-element_type=\"column\">\n\t\t\t<div class=\"elementor-column-wrap elementor-element-populated\">\n\t\t\t\t\t\t\t<div class=\"elementor-widget-wrap\">\n\t\t\t\t\t\t<div class=\"elementor-element elementor-element-2cacd8b elementor-widget-divider--view-line elementor-widget elementor-widget-divider\" data-id=\"2cacd8b\" data-element_type=\"widget\" data-widget_type=\"divider.default\">\n\t\t\t\t<div class=\"elementor-widget-container\">\n\t\t\t\t\t<div class=\"elementor-divider\">\n\t\t\t<span class=\"elementor-divider-separator\">\n\t\t\t\t\t\t<\/span>\n\t\t<\/div>\n\t\t\t\t<\/div>\n\t\t\t\t<\/div>\n\t\t\t\t\t\t<\/div>\n\t\t\t\t\t<\/div>\n\t\t<\/div>\n\t\t\t\t\t\t\t\t<\/div>\n\t\t\t\t\t<\/div>\n\t\t<\/section>\n\t\t\t\t<section class=\"elementor-section elementor-top-section elementor-element elementor-element-3aafb6c elementor-section-boxed elementor-section-height-default elementor-section-height-default\" data-id=\"3aafb6c\" data-element_type=\"section\">\n\t\t\t\t\t\t<div class=\"elementor-container elementor-column-gap-default\">\n\t\t\t\t\t\t\t<div class=\"elementor-row\">\n\t\t\t\t\t<div class=\"elementor-column elementor-col-100 elementor-top-column elementor-element elementor-element-942a92e\" data-id=\"942a92e\" data-element_type=\"column\">\n\t\t\t<div class=\"elementor-column-wrap elementor-element-populated\">\n\t\t\t\t\t\t\t<div class=\"elementor-widget-wrap\">\n\t\t\t\t\t\t<div class=\"elementor-element elementor-element-fdf2e2a elementor-widget elementor-widget-text-editor\" data-id=\"fdf2e2a\" data-element_type=\"widget\" data-widget_type=\"text-editor.default\">\n\t\t\t\t<div class=\"elementor-widget-container\">\n\t\t\t\t\t<div class=\"elementor-text-editor elementor-clearfix\"><p>Die Lesung startet am 21. November 19 um 19:00 Uhr in der Seidlvilla in M\u00fcnchen. Im Anschluss findet eine Gespr\u00e4chsrunde statt. Teilnehmen werden Christine Bronner, Stifterin und gesch\u00e4ftsf\u00fchrender Vorstand Stiftung Ambulantes Kinderhospiz M\u00fcnchen, Ehepaar Shabnam und Wolfgang Arzt, Dr. Karl Eder Gesch\u00e4ftsf\u00fchrer Landeskomitee der Katholiken in Bayern sowie Dr. Mira Hauser, langj\u00e4hriges Mitglied des SAPPV-Teams, LMU-Klinikum Campus Gro\u00dfhadern. Moderation: Sybille Giel, Bayerischer Rundfunk.<\/p><\/div>\n\t\t\t\t<\/div>\n\t\t\t\t<\/div>\n\t\t\t\t\t\t<\/div>\n\t\t\t\t\t<\/div>\n\t\t<\/div>\n\t\t\t\t\t\t\t\t<\/div>\n\t\t\t\t\t<\/div>\n\t\t<\/section>\n\t\t\t\t\t\t<\/div>\n\t\t\t\t\t\t<\/div>\n\t\t\t\t\t<\/div>\n\t\t","protected":false},"excerpt":{"rendered":"<p>Vor unserer Lesung in M\u00fcnchen sprachen wir in einem Interview mit der Stiftung Ambulantes Kinderhospiz \u00fcber die Diagnose Trisomie 18, was unsere Tochter so besonders machte und wie es zum Buch &#8220;Umarmen und loslassen&#8221; kam. Kinderhospiz M\u00fcnchen: Wann haben Sie erfahren, dass Ihr Kind nicht gesund ist? Shabnam und Wolfgang Arzt: Bei einer Routineuntersuchung im [&hellip;]<\/p>\n","protected":false},"author":1,"featured_media":2727,"comment_status":"open","ping_status":"open","sticky":false,"template":"","format":"standard","meta":[],"categories":[1],"tags":[],"_links":{"self":[{"href":"https:\/\/www.trisomie-18.de\/blog\/wp-json\/wp\/v2\/posts\/2601"}],"collection":[{"href":"https:\/\/www.trisomie-18.de\/blog\/wp-json\/wp\/v2\/posts"}],"about":[{"href":"https:\/\/www.trisomie-18.de\/blog\/wp-json\/wp\/v2\/types\/post"}],"author":[{"embeddable":true,"href":"https:\/\/www.trisomie-18.de\/blog\/wp-json\/wp\/v2\/users\/1"}],"replies":[{"embeddable":true,"href":"https:\/\/www.trisomie-18.de\/blog\/wp-json\/wp\/v2\/comments?post=2601"}],"version-history":[{"count":16,"href":"https:\/\/www.trisomie-18.de\/blog\/wp-json\/wp\/v2\/posts\/2601\/revisions"}],"predecessor-version":[{"id":2728,"href":"https:\/\/www.trisomie-18.de\/blog\/wp-json\/wp\/v2\/posts\/2601\/revisions\/2728"}],"wp:featuredmedia":[{"embeddable":true,"href":"https:\/\/www.trisomie-18.de\/blog\/wp-json\/wp\/v2\/media\/2727"}],"wp:attachment":[{"href":"https:\/\/www.trisomie-18.de\/blog\/wp-json\/wp\/v2\/media?parent=2601"}],"wp:term":[{"taxonomy":"category","embeddable":true,"href":"https:\/\/www.trisomie-18.de\/blog\/wp-json\/wp\/v2\/categories?post=2601"},{"taxonomy":"post_tag","embeddable":true,"href":"https:\/\/www.trisomie-18.de\/blog\/wp-json\/wp\/v2\/tags?post=2601"}],"curies":[{"name":"wp","href":"https:\/\/api.w.org\/{rel}","templated":true}]}}