{"id":297,"date":"2013-02-13T20:45:35","date_gmt":"2013-02-13T19:45:35","guid":{"rendered":"http:\/\/www.trisomie-18.de\/blog\/?p=297"},"modified":"2015-04-05T22:03:48","modified_gmt":"2015-04-05T20:03:48","slug":"gluck-ist-was-einem-erspart-bleibt","status":"publish","type":"post","link":"https:\/\/www.trisomie-18.de\/blog\/2013\/02\/13\/gluck-ist-was-einem-erspart-bleibt\/","title":{"rendered":"&#8220;Gl\u00fcck ist, was einem erspart bleibt.&#8221;"},"content":{"rendered":"<p>Diesen Satz habe ich gerade in Viktor Frankls Buch &#8220;&#8230; trotzdem Ja zum Leben sagen&#8221; gelesen. Ein wirklich empfehlenswertes Buch. Frankl \u00fcberlebte Auschwitz und beschreibt, wie wenig unser Gl\u00fccksempfinden von unseren Lebensumst\u00e4nden abh\u00e4ngt.\u00a0Dieser Satz l\u00e4sst mich nicht mehr los, und ich bin wirklich zutiefst dankbar f\u00fcr alles, was uns in den letzten 11 Jahren erspart geblieben ist.<\/p>\n<p>Er bringt mich aber auch zum Nachdenken. \u00dcber so viele (auch banale) Dinge, von denen ich w\u00fcnschte, sie w\u00fcrden uns nicht erspart bleiben. Wir erleben viele, viele Dinge mit Ja\u00ebl nicht und werden sie leider auch nie erleben:<\/p>\n<ul>\n<li>Ich werde nicht mit ihr \u00fcber ihr nicht aufger\u00e4umtes Zimmer streiten k\u00f6nnen.<\/li>\n<li>Ich werde mit ihr keine endlosen Diskussionen f\u00fchren, wie lange sie fernsehen, mit ihren Freunden chatten oder telefonieren darf oder wie lange sie am Wochenende wegbleibt.<\/li>\n<li>Ich werde sie nicht \u00fcber ihr gebrochenes Herz der ersten gro\u00dfen Liebe tr\u00f6sten k\u00f6nnen.<\/li>\n<li>Ich werde nicht stundenlang mit ihr Kleider f\u00fcr ihre Konfirmation, Abiball und Hochzeit suchen k\u00f6nnen.<\/li>\n<li>Wir werden nicht bei einem Sportereignis am Rand stehen und sie anfeuern.<\/li>\n<li>Wir werden nicht ihren Text f\u00fcr einen Theaterauftritt mit ihr proben und bei der Auff\u00fchrung noch nerv\u00f6ser sein als sie&#8230;<\/li>\n<\/ul>\n<p>All diese Dinge geh\u00f6ren zum Elternsein dazu. Nicht zu unserem. Es m\u00fcsste mich traurig stimmen. Tut es vielleicht auch. Aber was \u00fcberwiegt, ist das Gl\u00fcck, das ich z.B. jeden Morgen erlebe, wenn ich an Ja\u00ebls Bett komme und sie noch atmet und mich freudestrahlend umarmt. Oder wenn wir uns mit unserem Lachen gegenseitig anstecken (so wie gerade w\u00e4hrend ich diese Zeilen schreibe und sie auf meinem Arm ist), dann wei\u00df ich: Gl\u00fcck ist jetzt. Gl\u00fcck ist nicht das, was ich nicht habe, sondern was gegenw\u00e4rtig ist: Der Augenblick.<\/p>\n","protected":false},"excerpt":{"rendered":"<p>Diesen Satz habe ich gerade in Viktor Frankls Buch &#8220;&#8230; trotzdem Ja zum Leben sagen&#8221; gelesen. Ein wirklich empfehlenswertes Buch. Frankl \u00fcberlebte Auschwitz und beschreibt, wie wenig unser Gl\u00fccksempfinden von unseren Lebensumst\u00e4nden abh\u00e4ngt.\u00a0Dieser Satz l\u00e4sst mich nicht mehr los, und ich bin wirklich zutiefst dankbar f\u00fcr alles, was uns in den letzten 11 Jahren erspart [&hellip;]<\/p>\n","protected":false},"author":2,"featured_media":0,"comment_status":"open","ping_status":"closed","sticky":false,"template":"","format":"standard","meta":[],"categories":[1,8],"tags":[30,14,31,32,13,22],"_links":{"self":[{"href":"https:\/\/www.trisomie-18.de\/blog\/wp-json\/wp\/v2\/posts\/297"}],"collection":[{"href":"https:\/\/www.trisomie-18.de\/blog\/wp-json\/wp\/v2\/posts"}],"about":[{"href":"https:\/\/www.trisomie-18.de\/blog\/wp-json\/wp\/v2\/types\/post"}],"author":[{"embeddable":true,"href":"https:\/\/www.trisomie-18.de\/blog\/wp-json\/wp\/v2\/users\/2"}],"replies":[{"embeddable":true,"href":"https:\/\/www.trisomie-18.de\/blog\/wp-json\/wp\/v2\/comments?post=297"}],"version-history":[{"count":0,"href":"https:\/\/www.trisomie-18.de\/blog\/wp-json\/wp\/v2\/posts\/297\/revisions"}],"wp:attachment":[{"href":"https:\/\/www.trisomie-18.de\/blog\/wp-json\/wp\/v2\/media?parent=297"}],"wp:term":[{"taxonomy":"category","embeddable":true,"href":"https:\/\/www.trisomie-18.de\/blog\/wp-json\/wp\/v2\/categories?post=297"},{"taxonomy":"post_tag","embeddable":true,"href":"https:\/\/www.trisomie-18.de\/blog\/wp-json\/wp\/v2\/tags?post=297"}],"curies":[{"name":"wp","href":"https:\/\/api.w.org\/{rel}","templated":true}]}}