{"id":676,"date":"2014-12-09T10:17:23","date_gmt":"2014-12-09T08:17:23","guid":{"rendered":"http:\/\/www.trisomie-18.de\/blog\/?p=676"},"modified":"2014-12-11T01:42:46","modified_gmt":"2014-12-10T23:42:46","slug":"zwischenzeit","status":"publish","type":"post","link":"https:\/\/www.trisomie-18.de\/blog\/2014\/12\/09\/zwischenzeit\/","title":{"rendered":"Zwischenzeit"},"content":{"rendered":"<p><a href=\"http:\/\/www.trisomie-18.de\/blog\/wp-content\/uploads\/2014\/12\/Foto-07.09.14-18-54-21.jpg\"><img loading=\"lazy\" class=\"alignleft size-medium wp-image-699\" src=\"http:\/\/www.trisomie-18.de\/blog\/wp-content\/uploads\/2014\/12\/Foto-07.09.14-18-54-21-768x1024.jpg\" alt=\"haende\" width=\"315\" height=\"420\" srcset=\"https:\/\/www.trisomie-18.de\/blog\/wp-content\/uploads\/2014\/12\/Foto-07.09.14-18-54-21-768x1024.jpg 768w, https:\/\/www.trisomie-18.de\/blog\/wp-content\/uploads\/2014\/12\/Foto-07.09.14-18-54-21-225x300.jpg 225w, https:\/\/www.trisomie-18.de\/blog\/wp-content\/uploads\/2014\/12\/Foto-07.09.14-18-54-21.jpg 1536w\" sizes=\"(max-width: 315px) 100vw, 315px\" \/><\/a>Vor einer Woche <a title=\"Umarmen &amp; Loslassen\" href=\"http:\/\/www.trisomie-18.de\/blog\/?p=645\">ist unsere geliebte Tochter Ja\u00ebl verstorben<\/a>. Es waren unglaublich intensive f\u00fcnf Tage des Abschieds, die uns zuvor geschenkt wurden. Wir zehren immer noch davon. Auch von der bewegenden Trauerfeier am Freitag, von der hier noch zu lesen sein wird.<\/p>\n<p>Freunde fragen uns in diesen Tagen, was wir jetzt machen. Wie es weitergeht. F\u00fcr uns als Eltern ist nun eine Zwischenzeit angebrochen. Etwas Gro\u00dfes ist pl\u00f6tzlich vorbei und hinterl\u00e4sst doch \u00fcberall seine m\u00e4chtigen Spuren. Das Neue hat noch nicht begonnen. Und darf es auch noch nicht. Damit das, was war, weiter strahlen kann. Shabnam und ich wollen die Entwicklungen in den n\u00e4chsten Wochen aktiv verarbeiten und suchen und finden dabei Hilfe in vielf\u00e4ltiger Weise:<\/p>\n<h4>Reden hilft<\/h4>\n<p>Was wir denken, wollen wir nicht verschweigen, sondern aussprechen: Sch\u00f6ne Erinnerungen, schmerzliches Vermissen \u2013 alles darf jetzt sein. Nichts muss. Wir sind froh, dass wir dies miteinander teilen k\u00f6nnen. Und auch mit anderen. Freunde laden uns ein, wir d\u00fcrfen in diesen Tagen viel unterwegs sein. Dazu geh\u00f6rt auch der Besuch im <a href=\"http:\/\/www.kinderhospiz-balthasar.de\/\" target=\"_blank\">Kinderhospiz Olpe<\/a>, wo Ja\u00ebl seit 2007 immer wieder so liebevoll begleitet wurde, w\u00e4hrend wir als Paar unseren Akku aufladen konnten.<\/p>\n<h4>Anteilnahme hilft<\/h4>\n<p>Die Reaktionen auf Ja\u00ebls Tod sind \u00fcberw\u00e4ltigend. So viele Mails, Karten, liebe Worte, die uns Trost spenden. Wir sind sehr dankbar daf\u00fcr und freuen uns \u00fcber jeden einzelnen Gru\u00df. Dabei \u00fcberraschen uns viele Zeilen mit Gedanken, die ganz neue Perspektiven auf unsere Geschichte mit Ja\u00ebl erm\u00f6glichen. Und auch auf die jetzt angebrochene Zeit der dankbaren Erinnerung.<\/p>\n<h4>Lesen hilft<\/h4>\n<p>B\u00fccher zur Trauerbew\u00e4ltigung gibt es viele. Oft steht dabei der Ansatz des Abschieds und Loslassens im Vordergrund. Der Psychotherapeut Roland Kachler hat nach dem Unfalltod seines eigenen Sohnes einen neuen, viel beachteten Ansatz im Verst\u00e4ndnis der Trauer entwickelt: Nicht das Loslassen, sondern die Liebe zum Verstorbenen steht im Zentrum des Trauerprozesses. Die Liebe ist das Ziel der Trauerarbeit, sie f\u00fchrt durch den Trauerprozess und findet eine neue, innere Beziehung zum Verstorbenen. F\u00fcr uns scheint dieser Ansatz besonders im Blick auf unsere Tochter stimmig, die selber so voller Liebe war und andere mit ihrer Liebe angesteckt hat. Wir werden also lesen. Und davon berichten, denn:<\/p>\n<h4>Schreiben hilft<\/h4>\n<p>Die erste Weihnachtszeit ohne Ja\u00ebl kann und darf nicht so sein wie vorher. Wir brauchen Zeit, um alles zu verarbeiten und werden uns daf\u00fcr zur\u00fcckziehen. Und wir wollen unsere Gedanken in diesem Blog aufschreiben. F\u00fcr uns selbst, weil Schreiben hilft. Und vielleicht auch f\u00fcr andere, die um Ja\u00ebl trauern. Oder die \u00e4hnliche Erfahrungen gemacht haben und noch machen werden. Ein Konzept daf\u00fcr steht bereits. Wir stellen es euch im n\u00e4chsten Post vor.<\/p>\n<p>So w\u00fcnschen wir nun euch und uns eine gesegnete Zwischenzeit.<\/p>\n","protected":false},"excerpt":{"rendered":"<p>Vor einer Woche ist unsere geliebte Tochter Ja\u00ebl verstorben. Es waren unglaublich intensive f\u00fcnf Tage des Abschieds, die uns zuvor geschenkt wurden. Wir zehren immer noch davon. Auch von der bewegenden Trauerfeier am Freitag, von der hier noch zu lesen sein wird. Freunde fragen uns in diesen Tagen, was wir jetzt machen. Wie es weitergeht. [&hellip;]<\/p>\n","protected":false},"author":5,"featured_media":0,"comment_status":"open","ping_status":"open","sticky":false,"template":"","format":"standard","meta":[],"categories":[8],"tags":[53,55,52,54],"_links":{"self":[{"href":"https:\/\/www.trisomie-18.de\/blog\/wp-json\/wp\/v2\/posts\/676"}],"collection":[{"href":"https:\/\/www.trisomie-18.de\/blog\/wp-json\/wp\/v2\/posts"}],"about":[{"href":"https:\/\/www.trisomie-18.de\/blog\/wp-json\/wp\/v2\/types\/post"}],"author":[{"embeddable":true,"href":"https:\/\/www.trisomie-18.de\/blog\/wp-json\/wp\/v2\/users\/5"}],"replies":[{"embeddable":true,"href":"https:\/\/www.trisomie-18.de\/blog\/wp-json\/wp\/v2\/comments?post=676"}],"version-history":[{"count":0,"href":"https:\/\/www.trisomie-18.de\/blog\/wp-json\/wp\/v2\/posts\/676\/revisions"}],"wp:attachment":[{"href":"https:\/\/www.trisomie-18.de\/blog\/wp-json\/wp\/v2\/media?parent=676"}],"wp:term":[{"taxonomy":"category","embeddable":true,"href":"https:\/\/www.trisomie-18.de\/blog\/wp-json\/wp\/v2\/categories?post=676"},{"taxonomy":"post_tag","embeddable":true,"href":"https:\/\/www.trisomie-18.de\/blog\/wp-json\/wp\/v2\/tags?post=676"}],"curies":[{"name":"wp","href":"https:\/\/api.w.org\/{rel}","templated":true}]}}