{"id":739,"date":"2014-12-13T10:27:59","date_gmt":"2014-12-13T08:27:59","guid":{"rendered":"http:\/\/www.trisomie-18.de\/blog\/?p=739"},"modified":"2014-12-13T10:28:32","modified_gmt":"2014-12-13T08:28:32","slug":"von-jael-kompetenz-bis-trauerbewaeltigung","status":"publish","type":"post","link":"https:\/\/www.trisomie-18.de\/blog\/2014\/12\/13\/von-jael-kompetenz-bis-trauerbewaeltigung\/","title":{"rendered":"Von Ja\u00ebl-Kompetenz bis Trauerbew\u00e4ltigung"},"content":{"rendered":"<p><a href=\"http:\/\/www.trisomie-18.de\/blog\/wp-content\/uploads\/2014\/12\/sofa.jpg\"><img loading=\"lazy\" class=\"size-medium alignnone wp-image-759\" src=\"http:\/\/www.trisomie-18.de\/blog\/wp-content\/uploads\/2014\/12\/sofa.jpg\" alt=\"sofa\" width=\"620\" height=\"414\" srcset=\"https:\/\/www.trisomie-18.de\/blog\/wp-content\/uploads\/2014\/12\/sofa.jpg 1024w, https:\/\/www.trisomie-18.de\/blog\/wp-content\/uploads\/2014\/12\/sofa-300x200.jpg 300w\" sizes=\"(max-width: 620px) 100vw, 620px\" \/><\/a><\/p>\n<p>Nach Ja\u00ebls Abschied \u00fcber sie und das Leben mit ihr nachzudenken und zu schreiben, f\u00fchlt sich f\u00fcr uns gerade gut und richtig an. Es ist eine der Sachen, die man f\u00fcr einen geliebten Menschen nach seinem Tod noch tun kann, wenn Abschiedsphase und Beerdigung vorbei sind. Der Psychotherapeut Roland Kachler r\u00e4t:<\/p>\n<blockquote><p>Tun Sie zun\u00e4chst das, was Sie f\u00fcr Ihren geliebten Menschen tun m\u00f6chten, gerade jetzt nach seinem Tod. Sie werden vielleicht fragen, was Sie jetzt noch f\u00fcr ihn tun k\u00f6nnen, da er doch nicht mehr lebt und nicht mehr da ist. Doch weil die Liebe zu Ihrem geliebten Menschen mit seinem Tod nicht zu Ende ist, sondern \u00fcber seinen Tod hinausreicht, k\u00f6nnen Sie noch vieles f\u00fcr ihn tun. *<\/p><\/blockquote>\n<p>Nachdenken, Erinnern und Schreiben aus Liebe zu\u00a0Ja\u00ebl \u2013 das klingt f\u00fcr uns jetzt nach dem richtigen Weg. Schnell h\u00e4ufen sich dabei die Gedanken und Ideen, so dass wir erst einmal Kategorien brauchen:<\/p>\n<h4>1. Abschiedsphase<\/h4>\n<p><strong>Die f\u00fcnf letzten Tage mit Ja\u00ebl<\/strong> waren so besonders und intensiv. Gro\u00dfeltern und Freunde waren immer wieder dabei. Wir alle zusammen, Ja\u00ebl in der Mitte \u2013 eine echte Shalom-Erfahrung, ich kann es nicht anders ausdr\u00fccken. Davon wollen wir erz\u00e4hlen. Genauso von der <strong>Trauerfeier,<\/strong> die so sch\u00f6n und heilsam war, eine Erfahrung, die f\u00fcr Eltern verstorbener Kinder leider nicht selbstverst\u00e4ndlich ist. Weisheit und Ermutigung begegnet uns in den <strong>Kondolenzkarten<\/strong> zu Ja\u00ebls Tod. F\u00fcr uns sehr tr\u00f6stlich und inspirierend, was liebe Menschen geschrieben haben. Ein paar sch\u00f6ne Zitate (nat\u00fcrlich anonym) wollen wir hier gerne ver\u00f6ffentlichen.<\/p>\n<h4>2. Trauerbew\u00e4ltigung<\/h4>\n<p>Hier m\u00f6chten wir dar\u00fcber schreiben, welche Gedanken und Ans\u00e4tzen uns bei der Trauerbew\u00e4ltigung helfen. In der Trauertherapie wird von verschiedenen <strong>Trauerphasen<\/strong> ausgegangen: Nach dem ersten <strong>Nicht-Wahrhaben-Wollen und Verleugnung<\/strong> (1. Phase der Trauer) folgt eine Phase der <strong>aufbrechenden Gef\u00fchle <\/strong>(2. Phase der Trauer)<strong>.\u00a0<\/strong> Es kommt zu einer <strong>langsamen Neuorientierung<\/strong> (3. Phase der Trauer), bevor ein <strong>neues Gleichgewicht <\/strong>(4. Phase der Trauer) entstehen kann. Die Phasen sind nat\u00fcrlich nicht so klar voneinander abzugrenzen. Und es wird f\u00fcr Trauernde auch immer wieder Abstecher aus sp\u00e4ten Phasen in fr\u00fche Phasen der Trauer geben.<\/p>\n<h4>3. Ja\u00ebl-Kompetenz<\/h4>\n<p>Unsere Tochter hinterl\u00e4sst uns ein reiches Erbe an <strong>Haltungen dem Leben gegen\u00fcber<\/strong>, das wir kultivieren und pflegen m\u00f6chten. In der Traueransprache pr\u00e4gte unsere Pastorin daf\u00fcr den Begriff &#8220;Ja\u00ebl-Kompetenz&#8221;:<\/p>\n<ul>\n<li>Liebe<\/li>\n<li>Beziehung (Umarmen, Augenkontakt, Z\u00fcnden)<\/li>\n<li>im Augenblick sein<\/li>\n<li>Gro\u00dfz\u00fcgigkeit<\/li>\n<li>Fr\u00f6hlichkeit<\/li>\n<li>Gelassenheit.<\/li>\n<\/ul>\n<p>In all dem k\u00f6nnen wir von unserer Tochter einiges lernen. Daf\u00fcr soll in dieser Blog-Kategorie Raum sein.<\/p>\n<h4>4. Stationen aus\u00a0Ja\u00ebls Leben<\/h4>\n<p>Hier wollen wir schreiben, was wir mit\u00a0Ja\u00ebl an verschiedenen Stationen erlebt haben. Erinnerungen an die Geburt, Zeiten in KiTa und Schule, die Unterst\u00fctzung durch \u00c4rzte, Klinikum, Kinderhospiz und Kinderpalliativteam.<\/p>\n<h4>5. Verschiedenes<\/h4>\n<p>Und alles, was nicht in andere Kategorien passt, findet hier seinen Platz: Praktische Tipps und Hilfen, die anderen Eltern besonderer Kinder eine Hilfe sein k\u00f6nnten, z.B. zum Umgang mit der Krankenkasse oder dem Medizinischen Dienst. \ud83d\ude09 Inspirierende Gedanken, die Frage nach Gott und Glauben in schwierigen Zeiten&#8230; Die Kategorie &#8220;Verschiedenes&#8221; f\u00fcllt sich meist von selbst, wenn man einmal angefangen hat.<\/p>\n<p>Das Ger\u00fcst steht also, wir werden beginnen, es zu f\u00fcllen. Aber auch hier gilt, was f\u00fcr Trauerphasen so wichtig ist:<\/p>\n<p>Alles darf, nichts muss.<\/p>\n<p>Wir gehen unseren Weg.<\/p>\n<p>Mit unserem Tempo.<\/p>\n<hr \/>\n<p>* Kachler, Roland 2011. Was bei Trauer gut tut: Hilfen f\u00fcr schwere Stunden. Freiburg: KREUZ VERLAG.<\/p>\n","protected":false},"excerpt":{"rendered":"<p>Nach Ja\u00ebls Abschied \u00fcber sie und das Leben mit ihr nachzudenken und zu schreiben, f\u00fchlt sich f\u00fcr uns gerade gut und richtig an. Es ist eine der Sachen, die man f\u00fcr einen geliebten Menschen nach seinem Tod noch tun kann, wenn Abschiedsphase und Beerdigung vorbei sind. Der Psychotherapeut Roland Kachler r\u00e4t: Tun Sie zun\u00e4chst das, [&hellip;]<\/p>\n","protected":false},"author":5,"featured_media":0,"comment_status":"open","ping_status":"open","sticky":false,"template":"","format":"standard","meta":[],"categories":[8],"tags":[53,59,46,54,88,58],"_links":{"self":[{"href":"https:\/\/www.trisomie-18.de\/blog\/wp-json\/wp\/v2\/posts\/739"}],"collection":[{"href":"https:\/\/www.trisomie-18.de\/blog\/wp-json\/wp\/v2\/posts"}],"about":[{"href":"https:\/\/www.trisomie-18.de\/blog\/wp-json\/wp\/v2\/types\/post"}],"author":[{"embeddable":true,"href":"https:\/\/www.trisomie-18.de\/blog\/wp-json\/wp\/v2\/users\/5"}],"replies":[{"embeddable":true,"href":"https:\/\/www.trisomie-18.de\/blog\/wp-json\/wp\/v2\/comments?post=739"}],"version-history":[{"count":0,"href":"https:\/\/www.trisomie-18.de\/blog\/wp-json\/wp\/v2\/posts\/739\/revisions"}],"wp:attachment":[{"href":"https:\/\/www.trisomie-18.de\/blog\/wp-json\/wp\/v2\/media?parent=739"}],"wp:term":[{"taxonomy":"category","embeddable":true,"href":"https:\/\/www.trisomie-18.de\/blog\/wp-json\/wp\/v2\/categories?post=739"},{"taxonomy":"post_tag","embeddable":true,"href":"https:\/\/www.trisomie-18.de\/blog\/wp-json\/wp\/v2\/tags?post=739"}],"curies":[{"name":"wp","href":"https:\/\/api.w.org\/{rel}","templated":true}]}}